{"id":4994,"date":"2023-03-21T11:38:44","date_gmt":"2023-03-21T10:38:44","guid":{"rendered":"https:\/\/grupair.com\/?p=4994"},"modified":"2023-03-24T12:28:23","modified_gmt":"2023-03-24T11:28:23","slug":"com-puc-saber-si-he-de-reparar-o-substituir-un-compressor-d-aire","status":"publish","type":"post","link":"https:\/\/grupair.com\/ca\/com-puc-saber-si-he-de-reparar-o-substituir-un-compressor-d-aire\/","title":{"rendered":"Com puc saber si he de reparar o substituir un compressor d&#8217;aire?"},"content":{"rendered":"<p><div class=\"fusion-fullwidth fullwidth-box fusion-builder-row-1 fusion-flex-container has-pattern-background has-mask-background nonhundred-percent-fullwidth non-hundred-percent-height-scrolling\" style=\"--awb-border-radius-top-left:0px;--awb-border-radius-top-right:0px;--awb-border-radius-bottom-right:0px;--awb-border-radius-bottom-left:0px;--awb-flex-wrap:wrap;\" ><div class=\"fusion-builder-row fusion-row fusion-flex-align-items-flex-start fusion-flex-content-wrap\" style=\"max-width:1300px;margin-left: calc(-4% \/ 2 );margin-right: calc(-4% \/ 2 );\"><div class=\"fusion-layout-column fusion_builder_column fusion-builder-column-0 fusion_builder_column_1_1 1_1 fusion-flex-column\" style=\"--awb-bg-size:cover;--awb-width-large:100%;--awb-margin-top-large:0px;--awb-spacing-right-large:1.92%;--awb-margin-bottom-large:20px;--awb-spacing-left-large:1.92%;--awb-width-medium:100%;--awb-order-medium:0;--awb-spacing-right-medium:1.92%;--awb-spacing-left-medium:1.92%;--awb-width-small:100%;--awb-order-small:0;--awb-spacing-right-small:1.92%;--awb-spacing-left-small:1.92%;\"><div class=\"fusion-column-wrapper fusion-column-has-shadow fusion-flex-justify-content-flex-start fusion-content-layout-column\"><div class=\"fusion-image-element \" style=\"--awb-caption-title-font-family:var(--h2_typography-font-family);--awb-caption-title-font-weight:var(--h2_typography-font-weight);--awb-caption-title-font-style:var(--h2_typography-font-style);--awb-caption-title-size:var(--h2_typography-font-size);--awb-caption-title-transform:var(--h2_typography-text-transform);--awb-caption-title-line-height:var(--h2_typography-line-height);--awb-caption-title-letter-spacing:var(--h2_typography-letter-spacing);\"><span class=\" fusion-imageframe imageframe-none imageframe-1 hover-type-none\"><img decoding=\"async\" width=\"1920\" height=\"1280\" alt=\"\u00bfC\u00f3mo s\u00e9 si debo reparar o sustituir un compresor de aire?\" title=\"como-se-si-debo-reparar-o-sustituir-un-compresor-de-aire\" src=\"https:\/\/grupair.com\/wp-content\/uploads\/como-se-si-debo-reparar-o-sustituir-un-compresor-de-aire.webp\" class=\"img-responsive wp-image-4996\" srcset=\"https:\/\/grupair.com\/wp-content\/uploads\/como-se-si-debo-reparar-o-sustituir-un-compresor-de-aire-200x133.webp 200w, https:\/\/grupair.com\/wp-content\/uploads\/como-se-si-debo-reparar-o-sustituir-un-compresor-de-aire-400x267.webp 400w, https:\/\/grupair.com\/wp-content\/uploads\/como-se-si-debo-reparar-o-sustituir-un-compresor-de-aire-600x400.webp 600w, https:\/\/grupair.com\/wp-content\/uploads\/como-se-si-debo-reparar-o-sustituir-un-compresor-de-aire-800x533.webp 800w, https:\/\/grupair.com\/wp-content\/uploads\/como-se-si-debo-reparar-o-sustituir-un-compresor-de-aire-1200x800.webp 1200w, https:\/\/grupair.com\/wp-content\/uploads\/como-se-si-debo-reparar-o-sustituir-un-compresor-de-aire.webp 1920w\" sizes=\"(max-width: 640px) 100vw, 1920px\" \/><\/span><\/div><\/div><\/div><\/div><\/div><div class=\"fusion-fullwidth fullwidth-box fusion-builder-row-2 fusion-flex-container has-pattern-background has-mask-background nonhundred-percent-fullwidth non-hundred-percent-height-scrolling\" style=\"--awb-border-radius-top-left:0px;--awb-border-radius-top-right:0px;--awb-border-radius-bottom-right:0px;--awb-border-radius-bottom-left:0px;--awb-flex-wrap:wrap;\" ><div class=\"fusion-builder-row fusion-row fusion-flex-align-items-flex-start fusion-flex-content-wrap\" style=\"max-width:1300px;margin-left: calc(-4% \/ 2 );margin-right: calc(-4% \/ 2 );\"><div class=\"fusion-layout-column fusion_builder_column fusion-builder-column-1 fusion_builder_column_1_1 1_1 fusion-flex-column\" style=\"--awb-bg-size:cover;--awb-width-large:100%;--awb-margin-top-large:0px;--awb-spacing-right-large:1.92%;--awb-margin-bottom-large:20px;--awb-spacing-left-large:1.92%;--awb-width-medium:100%;--awb-order-medium:0;--awb-spacing-right-medium:1.92%;--awb-spacing-left-medium:1.92%;--awb-width-small:100%;--awb-order-small:0;--awb-spacing-right-small:1.92%;--awb-spacing-left-small:1.92%;\"><div class=\"fusion-column-wrapper fusion-column-has-shadow fusion-flex-justify-content-flex-start fusion-content-layout-column\"><div class=\"fusion-separator\" style=\"align-self: flex-start;margin-right:auto;margin-top:25px;width:100%;max-width:80px;\"><div class=\"fusion-separator-border sep-single sep-solid\" style=\"--awb-height:20px;--awb-amount:20px;--awb-sep-color:var(--awb-color2);border-color:var(--awb-color2);border-top-width:2px;\"><\/div><\/div><div class=\"fusion-text fusion-text-1\"><p>Davant la decisi\u00f3 de compra d&#8217;un compressor d&#8217;aire hi ha molts factors a tenir en compte. Per exemple, cal pensar en la seva compatibilitat amb la instal\u00b7laci\u00f3 el\u00e8ctrica, en les necessitats de pressi\u00f3 i sobretot que sigui capa\u00e7 de seguir el ritme de la planta productiva. Quan es troba l&#8217;equip apropiat, s&#8217;espera que la soluci\u00f3 duri molt de temps.<\/p>\n<p>Tot i aix\u00ed, <strong>l&#8217;aparici\u00f3 d&#8217;avaries \u00e9s inevitable.<\/strong> En aquest article compartim alguns suggeriments perqu\u00e8 el compressor d&#8217;aire duri el m\u00e0xim de temps possible i la inversi\u00f3 estigui garantida. Tamb\u00e9 assenyalarem alguns indicadors que demostren que ja no surt rendible mantenir aquest compressor.<\/p>\n<\/div><div class=\"fusion-title title fusion-title-1 fusion-sep-none fusion-title-center fusion-title-text fusion-title-size-two\" style=\"--awb-margin-top-small:10px;--awb-margin-right-small:0px;--awb-margin-bottom-small:10px;--awb-margin-left-small:0px;\"><h2 class=\"fusion-title-heading title-heading-center fusion-responsive-typography-calculated\" style=\"margin:0;--fontSize:28;line-height:var(--awb-typography1-line-height);\">Qu\u00e8 cal fer per allargar la vida d&#8217;un compressor d&#8217;aire<\/h2><\/div><div class=\"fusion-text fusion-text-2\"><p>\u00c9s normal que es produeixin <strong>avaries menors pel propi \u00fas del compressor.<\/strong> Per\u00f2 si no se&#8217;ls d\u00f3na la import\u00e0ncia deguda poden passar de danys menors a m\u00e9s grans. Per aquest motiu, no cal escatimar en contractar un manteniment preventiu.<\/p>\n<p>D&#8217;aquesta manera es minimitzaran les aturades de producci\u00f3 per culpa d&#8217;obstrucci\u00f3 dels filtres o els refrigeradors, per citar-ne alguns exemples. La neteja de tots els components estar\u00e0 assegurada, aix\u00ed com la lubricaci\u00f3.<\/p>\n<p>A m\u00e9s, el manteniment predictiu analitza l&#8217;hist\u00f2ric d&#8217;avaries ocorregudes per posar solucions i endarrerir el m\u00e0xim temps possible la propera aparici\u00f3.<\/p>\n<p>Tot i aix\u00f2, <strong>arriba un moment en qu\u00e8 les reparacions s\u00f3n massa costoses i freq\u00fcents.<\/strong><\/p>\n<\/div><div class=\"fusion-title title fusion-title-2 fusion-sep-none fusion-title-center fusion-title-text fusion-title-size-two\" style=\"--awb-margin-top-small:10px;--awb-margin-right-small:0px;--awb-margin-bottom-small:10px;--awb-margin-left-small:0px;\"><h2 class=\"fusion-title-heading title-heading-center fusion-responsive-typography-calculated\" style=\"margin:0;--fontSize:28;line-height:var(--awb-typography1-line-height);\">Quan surt a compte substituir el compressor?<\/h2><\/div><div class=\"fusion-text fusion-text-3\"><p>Almenys hi ha 3 variables que tenen influ\u00e8ncia a l&#8217;hora de decidir si ha arribat el moment de canviar de compressor:<\/p>\n<ol>\n<li><strong>Rendiment<\/strong>. Continua funcionant a les mil meravelles o ja no \u00e9s tan eficient com en estrenar-lo? He de trucar al servei t\u00e8cnic amb massa freq\u00fc\u00e8ncia? Un estudi acurat de les respostes a aquestes preguntes sumat als costos de reparaci\u00f3 us ajudaran a determinar-lo.<\/li>\n<li><strong>Antiguitat<\/strong>. Sempre hi ha un temps de vida \u00fatil indicat pel fabricant per assegurar que el compressor exerceix la seva tasca de manera segura. S&#8217;ha sobrepassat aquest per\u00edode o encara est\u00e0 dins del termini?<\/li>\n<li><strong>Entorn<\/strong>. En funci\u00f3 del lloc on estigui ubicat el compressor pot patir un deteriorament. Aquest \u00e9s el cas d&#8217;entorns polsegosos o amb temperatures extremes. Aquesta dada \u00e9s tan rellevant que pot &#8220;envellir&#8221; de manera prematura un compressor d&#8217;aire.<\/li>\n<\/ol>\n<\/div><div class=\"fusion-reading-box-container reading-box-container-1\" style=\"--awb-title-color:var(--awb-color4);--awb-margin-top:30px;--awb-margin-bottom:20px;\"><div class=\"reading-box\" style=\"background-color:#d8d8d8;border-width:0px;border-color:var(--awb-color2);border-left-width:3px;border-left-color:var(--primary_color);border-style:solid;\"><div class=\"reading-box-additional\">\n<p>Grupair ofereix assessorament per saber la salut real dels equips d&#8217;aire comprimit. Som transparents i tenim l&#8217;experi\u00e8ncia t\u00e8cnica necess\u00e0ria per trobar la millor soluci\u00f3 per al teu compressor d&#8217;aire.<\/p>\n<p>Si vols la nostra ajuda, <a href=\"\/ca\/contacte\/\">posa&#8217;t en contacte amb nosaltres.<\/a><\/p>\n<\/div><div class=\"fusion-clearfix\"><\/div><\/div><\/div><\/div><\/div><\/div><\/div><\/p>\n","protected":false},"excerpt":{"rendered":"","protected":false},"author":1,"featured_media":4996,"comment_status":"closed","ping_status":"closed","sticky":false,"template":"","format":"standard","meta":{"footnotes":""},"categories":[49],"tags":[],"class_list":["post-4994","post","type-post","status-publish","format-standard","has-post-thumbnail","hentry","category-manteniment-equips"],"yoast_head":"<!-- This site is optimized with the Yoast SEO plugin v27.4 - https:\/\/yoast.com\/product\/yoast-seo-wordpress\/ -->\n<title>Com puc saber si he de reparar o substituir un compressor d&#039;aire?<\/title>\n<meta name=\"description\" content=\"Les avaries menors per l&#039;\u00fas del compressor d&#039;aire s\u00f3n normals. Per\u00f2 si les reparacions s\u00f3n molt costoses i freq\u00fcents, llegiu aquest post.\" \/>\n<meta name=\"robots\" content=\"index, follow, max-snippet:-1, max-image-preview:large, max-video-preview:-1\" \/>\n<link rel=\"canonical\" href=\"https:\/\/grupair.com\/ca\/com-puc-saber-si-he-de-reparar-o-substituir-un-compressor-d-aire\/\" \/>\n<meta property=\"og:locale\" content=\"ca_ES\" \/>\n<meta property=\"og:type\" content=\"article\" \/>\n<meta property=\"og:title\" content=\"Com puc saber si he de reparar o substituir un compressor d&#039;aire?\" \/>\n<meta property=\"og:description\" content=\"Les avaries menors per l&#039;\u00fas del compressor d&#039;aire s\u00f3n normals. Per\u00f2 si les reparacions s\u00f3n molt costoses i freq\u00fcents, llegiu aquest post.\" \/>\n<meta property=\"og:url\" content=\"https:\/\/grupair.com\/ca\/com-puc-saber-si-he-de-reparar-o-substituir-un-compressor-d-aire\/\" \/>\n<meta property=\"og:site_name\" content=\"Soluciones de aire comprimido - Grupair\" \/>\n<meta property=\"article:published_time\" content=\"2023-03-21T10:38:44+00:00\" \/>\n<meta property=\"article:modified_time\" content=\"2023-03-24T11:28:23+00:00\" \/>\n<meta property=\"og:image\" content=\"https:\/\/grupair.com\/wp-content\/uploads\/como-se-si-debo-reparar-o-sustituir-un-compresor-de-aire.jpg\" \/>\n\t<meta property=\"og:image:width\" content=\"1920\" \/>\n\t<meta property=\"og:image:height\" content=\"1280\" \/>\n\t<meta property=\"og:image:type\" content=\"image\/jpeg\" \/>\n<meta name=\"author\" content=\"Grupair\" \/>\n<meta name=\"twitter:card\" content=\"summary_large_image\" \/>\n<meta name=\"twitter:image\" content=\"https:\/\/grupair.com\/wp-content\/uploads\/compresores-de-tornillo-sin-aceite.jpg\" \/>\n<meta name=\"twitter:label1\" content=\"Escrit per\" \/>\n\t<meta name=\"twitter:data1\" content=\"Grupair\" \/>\n\t<meta name=\"twitter:label2\" content=\"Temps estimat de lectura\" \/>\n\t<meta name=\"twitter:data2\" content=\"6 minuts\" \/>\n<script type=\"application\/ld+json\" class=\"yoast-schema-graph\">{\"@context\":\"https:\\\/\\\/schema.org\",\"@graph\":[{\"@type\":\"Article\",\"@id\":\"https:\\\/\\\/grupair.com\\\/ca\\\/com-puc-saber-si-he-de-reparar-o-substituir-un-compressor-d-aire\\\/#article\",\"isPartOf\":{\"@id\":\"https:\\\/\\\/grupair.com\\\/ca\\\/com-puc-saber-si-he-de-reparar-o-substituir-un-compressor-d-aire\\\/\"},\"author\":{\"name\":\"Grupair\",\"@id\":\"https:\\\/\\\/grupair.com\\\/#\\\/schema\\\/person\\\/c94e349ef5f6ac420ea097aff245095d\"},\"headline\":\"Com puc saber si he de reparar o substituir un compressor d&#8217;aire?\",\"datePublished\":\"2023-03-21T10:38:44+00:00\",\"dateModified\":\"2023-03-24T11:28:23+00:00\",\"mainEntityOfPage\":{\"@id\":\"https:\\\/\\\/grupair.com\\\/ca\\\/com-puc-saber-si-he-de-reparar-o-substituir-un-compressor-d-aire\\\/\"},\"wordCount\":2381,\"publisher\":{\"@id\":\"https:\\\/\\\/grupair.com\\\/#organization\"},\"image\":{\"@id\":\"https:\\\/\\\/grupair.com\\\/ca\\\/com-puc-saber-si-he-de-reparar-o-substituir-un-compressor-d-aire\\\/#primaryimage\"},\"thumbnailUrl\":\"https:\\\/\\\/grupair.com\\\/wp-content\\\/uploads\\\/como-se-si-debo-reparar-o-sustituir-un-compresor-de-aire.webp\",\"articleSection\":[\"Manteniment d'equips\"],\"inLanguage\":\"ca\"},{\"@type\":\"WebPage\",\"@id\":\"https:\\\/\\\/grupair.com\\\/ca\\\/com-puc-saber-si-he-de-reparar-o-substituir-un-compressor-d-aire\\\/\",\"url\":\"https:\\\/\\\/grupair.com\\\/ca\\\/com-puc-saber-si-he-de-reparar-o-substituir-un-compressor-d-aire\\\/\",\"name\":\"Com puc saber si he de reparar o substituir un compressor d'aire?\",\"isPartOf\":{\"@id\":\"https:\\\/\\\/grupair.com\\\/#website\"},\"primaryImageOfPage\":{\"@id\":\"https:\\\/\\\/grupair.com\\\/ca\\\/com-puc-saber-si-he-de-reparar-o-substituir-un-compressor-d-aire\\\/#primaryimage\"},\"image\":{\"@id\":\"https:\\\/\\\/grupair.com\\\/ca\\\/com-puc-saber-si-he-de-reparar-o-substituir-un-compressor-d-aire\\\/#primaryimage\"},\"thumbnailUrl\":\"https:\\\/\\\/grupair.com\\\/wp-content\\\/uploads\\\/como-se-si-debo-reparar-o-sustituir-un-compresor-de-aire.webp\",\"datePublished\":\"2023-03-21T10:38:44+00:00\",\"dateModified\":\"2023-03-24T11:28:23+00:00\",\"description\":\"Les avaries menors per l'\u00fas del compressor d'aire s\u00f3n normals. Per\u00f2 si les reparacions s\u00f3n molt costoses i freq\u00fcents, llegiu aquest post.\",\"breadcrumb\":{\"@id\":\"https:\\\/\\\/grupair.com\\\/ca\\\/com-puc-saber-si-he-de-reparar-o-substituir-un-compressor-d-aire\\\/#breadcrumb\"},\"inLanguage\":\"ca\",\"potentialAction\":[{\"@type\":\"ReadAction\",\"target\":[\"https:\\\/\\\/grupair.com\\\/ca\\\/com-puc-saber-si-he-de-reparar-o-substituir-un-compressor-d-aire\\\/\"]}]},{\"@type\":\"ImageObject\",\"inLanguage\":\"ca\",\"@id\":\"https:\\\/\\\/grupair.com\\\/ca\\\/com-puc-saber-si-he-de-reparar-o-substituir-un-compressor-d-aire\\\/#primaryimage\",\"url\":\"https:\\\/\\\/grupair.com\\\/wp-content\\\/uploads\\\/como-se-si-debo-reparar-o-sustituir-un-compresor-de-aire.webp\",\"contentUrl\":\"https:\\\/\\\/grupair.com\\\/wp-content\\\/uploads\\\/como-se-si-debo-reparar-o-sustituir-un-compresor-de-aire.webp\",\"width\":1920,\"height\":1280,\"caption\":\"\u00bfC\u00f3mo s\u00e9 si debo reparar o sustituir un compresor de aire?\"},{\"@type\":\"BreadcrumbList\",\"@id\":\"https:\\\/\\\/grupair.com\\\/ca\\\/com-puc-saber-si-he-de-reparar-o-substituir-un-compressor-d-aire\\\/#breadcrumb\",\"itemListElement\":[{\"@type\":\"ListItem\",\"position\":1,\"name\":\"Portada\",\"item\":\"https:\\\/\\\/grupair.com\\\/ca\\\/\"},{\"@type\":\"ListItem\",\"position\":2,\"name\":\"Com puc saber si he de reparar o substituir un compressor d&#8217;aire?\"}]},{\"@type\":\"WebSite\",\"@id\":\"https:\\\/\\\/grupair.com\\\/#website\",\"url\":\"https:\\\/\\\/grupair.com\\\/\",\"name\":\"Soluciones de aire comprimido - Grupair\",\"description\":\"Empresa especialista en soluciones de aire comprimido, gases industriales y fr\u00edo industrial. Proyectos llave en mano y mantenimiento.\",\"publisher\":{\"@id\":\"https:\\\/\\\/grupair.com\\\/#organization\"},\"potentialAction\":[{\"@type\":\"SearchAction\",\"target\":{\"@type\":\"EntryPoint\",\"urlTemplate\":\"https:\\\/\\\/grupair.com\\\/?s={search_term_string}\"},\"query-input\":{\"@type\":\"PropertyValueSpecification\",\"valueRequired\":true,\"valueName\":\"search_term_string\"}}],\"inLanguage\":\"ca\"},{\"@type\":\"Organization\",\"@id\":\"https:\\\/\\\/grupair.com\\\/#organization\",\"name\":\"Grupair\",\"alternateName\":\"Grupair\",\"url\":\"https:\\\/\\\/grupair.com\\\/\",\"logo\":{\"@type\":\"ImageObject\",\"inLanguage\":\"ca\",\"@id\":\"https:\\\/\\\/grupair.com\\\/#\\\/schema\\\/logo\\\/image\\\/\",\"url\":\"https:\\\/\\\/grupair.com\\\/wp-content\\\/uploads\\\/logo-grupair-circulo.webp\",\"contentUrl\":\"https:\\\/\\\/grupair.com\\\/wp-content\\\/uploads\\\/logo-grupair-circulo.webp\",\"width\":215,\"height\":215,\"caption\":\"Grupair\"},\"image\":{\"@id\":\"https:\\\/\\\/grupair.com\\\/#\\\/schema\\\/logo\\\/image\\\/\"},\"sameAs\":[\"https:\\\/\\\/www.linkedin.com\\\/company\\\/grup-air\\\/\"]},{\"@type\":\"Person\",\"@id\":\"https:\\\/\\\/grupair.com\\\/#\\\/schema\\\/person\\\/c94e349ef5f6ac420ea097aff245095d\",\"name\":\"Grupair\",\"sameAs\":[\"https:\\\/\\\/grupair.com\"]}]}<\/script>\n<!-- \/ Yoast SEO plugin. -->","yoast_head_json":{"title":"Com puc saber si he de reparar o substituir un compressor d'aire?","description":"Les avaries menors per l'\u00fas del compressor d'aire s\u00f3n normals. Per\u00f2 si les reparacions s\u00f3n molt costoses i freq\u00fcents, llegiu aquest post.","robots":{"index":"index","follow":"follow","max-snippet":"max-snippet:-1","max-image-preview":"max-image-preview:large","max-video-preview":"max-video-preview:-1"},"canonical":"https:\/\/grupair.com\/ca\/com-puc-saber-si-he-de-reparar-o-substituir-un-compressor-d-aire\/","og_locale":"ca_ES","og_type":"article","og_title":"Com puc saber si he de reparar o substituir un compressor d'aire?","og_description":"Les avaries menors per l'\u00fas del compressor d'aire s\u00f3n normals. Per\u00f2 si les reparacions s\u00f3n molt costoses i freq\u00fcents, llegiu aquest post.","og_url":"https:\/\/grupair.com\/ca\/com-puc-saber-si-he-de-reparar-o-substituir-un-compressor-d-aire\/","og_site_name":"Soluciones de aire comprimido - Grupair","article_published_time":"2023-03-21T10:38:44+00:00","article_modified_time":"2023-03-24T11:28:23+00:00","og_image":[{"width":1920,"height":1280,"url":"https:\/\/grupair.com\/wp-content\/uploads\/como-se-si-debo-reparar-o-sustituir-un-compresor-de-aire.jpg","type":"image\/jpeg"}],"author":"Grupair","twitter_card":"summary_large_image","twitter_image":"https:\/\/grupair.com\/wp-content\/uploads\/compresores-de-tornillo-sin-aceite.jpg","twitter_misc":{"Escrit per":"Grupair","Temps estimat de lectura":"6 minuts"},"schema":{"@context":"https:\/\/schema.org","@graph":[{"@type":"Article","@id":"https:\/\/grupair.com\/ca\/com-puc-saber-si-he-de-reparar-o-substituir-un-compressor-d-aire\/#article","isPartOf":{"@id":"https:\/\/grupair.com\/ca\/com-puc-saber-si-he-de-reparar-o-substituir-un-compressor-d-aire\/"},"author":{"name":"Grupair","@id":"https:\/\/grupair.com\/#\/schema\/person\/c94e349ef5f6ac420ea097aff245095d"},"headline":"Com puc saber si he de reparar o substituir un compressor d&#8217;aire?","datePublished":"2023-03-21T10:38:44+00:00","dateModified":"2023-03-24T11:28:23+00:00","mainEntityOfPage":{"@id":"https:\/\/grupair.com\/ca\/com-puc-saber-si-he-de-reparar-o-substituir-un-compressor-d-aire\/"},"wordCount":2381,"publisher":{"@id":"https:\/\/grupair.com\/#organization"},"image":{"@id":"https:\/\/grupair.com\/ca\/com-puc-saber-si-he-de-reparar-o-substituir-un-compressor-d-aire\/#primaryimage"},"thumbnailUrl":"https:\/\/grupair.com\/wp-content\/uploads\/como-se-si-debo-reparar-o-sustituir-un-compresor-de-aire.webp","articleSection":["Manteniment d'equips"],"inLanguage":"ca"},{"@type":"WebPage","@id":"https:\/\/grupair.com\/ca\/com-puc-saber-si-he-de-reparar-o-substituir-un-compressor-d-aire\/","url":"https:\/\/grupair.com\/ca\/com-puc-saber-si-he-de-reparar-o-substituir-un-compressor-d-aire\/","name":"Com puc saber si he de reparar o substituir un compressor d'aire?","isPartOf":{"@id":"https:\/\/grupair.com\/#website"},"primaryImageOfPage":{"@id":"https:\/\/grupair.com\/ca\/com-puc-saber-si-he-de-reparar-o-substituir-un-compressor-d-aire\/#primaryimage"},"image":{"@id":"https:\/\/grupair.com\/ca\/com-puc-saber-si-he-de-reparar-o-substituir-un-compressor-d-aire\/#primaryimage"},"thumbnailUrl":"https:\/\/grupair.com\/wp-content\/uploads\/como-se-si-debo-reparar-o-sustituir-un-compresor-de-aire.webp","datePublished":"2023-03-21T10:38:44+00:00","dateModified":"2023-03-24T11:28:23+00:00","description":"Les avaries menors per l'\u00fas del compressor d'aire s\u00f3n normals. Per\u00f2 si les reparacions s\u00f3n molt costoses i freq\u00fcents, llegiu aquest post.","breadcrumb":{"@id":"https:\/\/grupair.com\/ca\/com-puc-saber-si-he-de-reparar-o-substituir-un-compressor-d-aire\/#breadcrumb"},"inLanguage":"ca","potentialAction":[{"@type":"ReadAction","target":["https:\/\/grupair.com\/ca\/com-puc-saber-si-he-de-reparar-o-substituir-un-compressor-d-aire\/"]}]},{"@type":"ImageObject","inLanguage":"ca","@id":"https:\/\/grupair.com\/ca\/com-puc-saber-si-he-de-reparar-o-substituir-un-compressor-d-aire\/#primaryimage","url":"https:\/\/grupair.com\/wp-content\/uploads\/como-se-si-debo-reparar-o-sustituir-un-compresor-de-aire.webp","contentUrl":"https:\/\/grupair.com\/wp-content\/uploads\/como-se-si-debo-reparar-o-sustituir-un-compresor-de-aire.webp","width":1920,"height":1280,"caption":"\u00bfC\u00f3mo s\u00e9 si debo reparar o sustituir un compresor de aire?"},{"@type":"BreadcrumbList","@id":"https:\/\/grupair.com\/ca\/com-puc-saber-si-he-de-reparar-o-substituir-un-compressor-d-aire\/#breadcrumb","itemListElement":[{"@type":"ListItem","position":1,"name":"Portada","item":"https:\/\/grupair.com\/ca\/"},{"@type":"ListItem","position":2,"name":"Com puc saber si he de reparar o substituir un compressor d&#8217;aire?"}]},{"@type":"WebSite","@id":"https:\/\/grupair.com\/#website","url":"https:\/\/grupair.com\/","name":"Soluciones de aire comprimido - Grupair","description":"Empresa especialista en soluciones de aire comprimido, gases industriales y fr\u00edo industrial. Proyectos llave en mano y mantenimiento.","publisher":{"@id":"https:\/\/grupair.com\/#organization"},"potentialAction":[{"@type":"SearchAction","target":{"@type":"EntryPoint","urlTemplate":"https:\/\/grupair.com\/?s={search_term_string}"},"query-input":{"@type":"PropertyValueSpecification","valueRequired":true,"valueName":"search_term_string"}}],"inLanguage":"ca"},{"@type":"Organization","@id":"https:\/\/grupair.com\/#organization","name":"Grupair","alternateName":"Grupair","url":"https:\/\/grupair.com\/","logo":{"@type":"ImageObject","inLanguage":"ca","@id":"https:\/\/grupair.com\/#\/schema\/logo\/image\/","url":"https:\/\/grupair.com\/wp-content\/uploads\/logo-grupair-circulo.webp","contentUrl":"https:\/\/grupair.com\/wp-content\/uploads\/logo-grupair-circulo.webp","width":215,"height":215,"caption":"Grupair"},"image":{"@id":"https:\/\/grupair.com\/#\/schema\/logo\/image\/"},"sameAs":["https:\/\/www.linkedin.com\/company\/grup-air\/"]},{"@type":"Person","@id":"https:\/\/grupair.com\/#\/schema\/person\/c94e349ef5f6ac420ea097aff245095d","name":"Grupair","sameAs":["https:\/\/grupair.com"]}]}},"_links":{"self":[{"href":"https:\/\/grupair.com\/ca\/wp-json\/wp\/v2\/posts\/4994","targetHints":{"allow":["GET"]}}],"collection":[{"href":"https:\/\/grupair.com\/ca\/wp-json\/wp\/v2\/posts"}],"about":[{"href":"https:\/\/grupair.com\/ca\/wp-json\/wp\/v2\/types\/post"}],"author":[{"embeddable":true,"href":"https:\/\/grupair.com\/ca\/wp-json\/wp\/v2\/users\/1"}],"replies":[{"embeddable":true,"href":"https:\/\/grupair.com\/ca\/wp-json\/wp\/v2\/comments?post=4994"}],"version-history":[{"count":0,"href":"https:\/\/grupair.com\/ca\/wp-json\/wp\/v2\/posts\/4994\/revisions"}],"wp:featuredmedia":[{"embeddable":true,"href":"https:\/\/grupair.com\/ca\/wp-json\/wp\/v2\/media\/4996"}],"wp:attachment":[{"href":"https:\/\/grupair.com\/ca\/wp-json\/wp\/v2\/media?parent=4994"}],"wp:term":[{"taxonomy":"category","embeddable":true,"href":"https:\/\/grupair.com\/ca\/wp-json\/wp\/v2\/categories?post=4994"},{"taxonomy":"post_tag","embeddable":true,"href":"https:\/\/grupair.com\/ca\/wp-json\/wp\/v2\/tags?post=4994"}],"curies":[{"name":"wp","href":"https:\/\/api.w.org\/{rel}","templated":true}]}}